{"id":1035,"date":"2023-01-05T18:38:15","date_gmt":"2023-01-05T17:38:15","guid":{"rendered":"http:\/\/www.dagmar-venohr.de\/wordpress498\/?p=1035"},"modified":"2023-01-05T18:38:15","modified_gmt":"2023-01-05T17:38:15","slug":"dochglanzdichter","status":"publish","type":"post","link":"http:\/\/www.dagmar-venohr.de\/wordpress652\/?p=1035","title":{"rendered":"dochglanzdichter"},"content":{"rendered":"<p>&nbsp;<\/p>\n<p><img loading=\"lazy\" decoding=\"async\" class=\"alignnone wp-image-984\" src=\"http:\/\/www.dagmar-venohr.de\/wordpress498\/wp-content\/uploads\/2020\/06\/IMG_0629-1-600x455.jpeg\" alt=\"\" width=\"278\" height=\"211\" srcset=\"http:\/\/www.dagmar-venohr.de\/wordpress652\/wp-content\/uploads\/2020\/06\/IMG_0629-1-600x455.jpeg 600w, http:\/\/www.dagmar-venohr.de\/wordpress652\/wp-content\/uploads\/2020\/06\/IMG_0629-1-269x204.jpeg 269w, http:\/\/www.dagmar-venohr.de\/wordpress652\/wp-content\/uploads\/2020\/06\/IMG_0629-1-1024x776.jpeg 1024w\" sizes=\"auto, (max-width: 278px) 100vw, 278px\" \/><\/p>\n<p>&nbsp;<\/p>\n<p>Denke mir Dinge aus, und<\/p>\n<p>Sachen aus den Stoffen heraus.<\/p>\n<p>Vestiment\u00e4re Visionen, vielleicht<\/p>\n<p>tr\u00fcgerisch textile Tagtr\u00e4ume.<\/p>\n<p>&nbsp;<\/p>\n<p><img loading=\"lazy\" decoding=\"async\" class=\"alignnone wp-image-985\" src=\"http:\/\/www.dagmar-venohr.de\/wordpress498\/wp-content\/uploads\/2020\/06\/IMG_0628-600x436.jpeg\" alt=\"\" width=\"278\" height=\"202\" srcset=\"http:\/\/www.dagmar-venohr.de\/wordpress652\/wp-content\/uploads\/2020\/06\/IMG_0628-600x436.jpeg 600w, http:\/\/www.dagmar-venohr.de\/wordpress652\/wp-content\/uploads\/2020\/06\/IMG_0628-281x204.jpeg 281w, http:\/\/www.dagmar-venohr.de\/wordpress652\/wp-content\/uploads\/2020\/06\/IMG_0628-1024x744.jpeg 1024w\" sizes=\"auto, (max-width: 278px) 100vw, 278px\" \/><\/p>\n<p>Stellt Stapel zwischen B\u00fccher,<\/p>\n<p>lasst wirkliche Gewebe reden.<\/p>\n<p>Vergangenes wird so verwunden,<\/p>\n<p>kaum Kommendes erkannt.<\/p>\n<p>&nbsp;<\/p>\n<p>&nbsp;<\/p>\n<p>Gegenwart scheint mir\u00a0geschichtet ertragbarer.<\/p>\n<p>&nbsp;<\/p>\n","protected":false},"excerpt":{"rendered":"<p>&nbsp; &nbsp; Denke mir Dinge aus, und Sachen aus den Stoffen heraus. Vestiment\u00e4re Visionen, vielleicht tr\u00fcgerisch textile Tagtr\u00e4ume. &nbsp; Stellt Stapel zwischen B\u00fccher, lasst wirkliche Gewebe reden. Vergangenes wird so verwunden, kaum Kommendes erkannt. &nbsp; &nbsp; Gegenwart scheint mir\u00a0geschichtet ertragbarer. &nbsp;<\/p>\n","protected":false},"author":1,"featured_media":0,"comment_status":"closed","ping_status":"open","sticky":false,"template":"","format":"standard","meta":{"footnotes":""},"categories":[36],"tags":[],"class_list":["post-1035","post","type-post","status-publish","format-standard","hentry","category-das-wars"],"_links":{"self":[{"href":"http:\/\/www.dagmar-venohr.de\/wordpress652\/index.php?rest_route=\/wp\/v2\/posts\/1035","targetHints":{"allow":["GET"]}}],"collection":[{"href":"http:\/\/www.dagmar-venohr.de\/wordpress652\/index.php?rest_route=\/wp\/v2\/posts"}],"about":[{"href":"http:\/\/www.dagmar-venohr.de\/wordpress652\/index.php?rest_route=\/wp\/v2\/types\/post"}],"author":[{"embeddable":true,"href":"http:\/\/www.dagmar-venohr.de\/wordpress652\/index.php?rest_route=\/wp\/v2\/users\/1"}],"replies":[{"embeddable":true,"href":"http:\/\/www.dagmar-venohr.de\/wordpress652\/index.php?rest_route=%2Fwp%2Fv2%2Fcomments&post=1035"}],"version-history":[{"count":1,"href":"http:\/\/www.dagmar-venohr.de\/wordpress652\/index.php?rest_route=\/wp\/v2\/posts\/1035\/revisions"}],"predecessor-version":[{"id":1036,"href":"http:\/\/www.dagmar-venohr.de\/wordpress652\/index.php?rest_route=\/wp\/v2\/posts\/1035\/revisions\/1036"}],"wp:attachment":[{"href":"http:\/\/www.dagmar-venohr.de\/wordpress652\/index.php?rest_route=%2Fwp%2Fv2%2Fmedia&parent=1035"}],"wp:term":[{"taxonomy":"category","embeddable":true,"href":"http:\/\/www.dagmar-venohr.de\/wordpress652\/index.php?rest_route=%2Fwp%2Fv2%2Fcategories&post=1035"},{"taxonomy":"post_tag","embeddable":true,"href":"http:\/\/www.dagmar-venohr.de\/wordpress652\/index.php?rest_route=%2Fwp%2Fv2%2Ftags&post=1035"}],"curies":[{"name":"wp","href":"https:\/\/api.w.org\/{rel}","templated":true}]}}